{"id":27356,"date":"2026-09-03T15:16:48","date_gmt":"2026-09-03T19:16:48","guid":{"rendered":"https:\/\/storytelling.concordia.ca\/?p=27356"},"modified":"2026-09-03T15:16:48","modified_gmt":"2026-09-03T19:16:48","slug":"theatre-de-la-flamme","status":"publish","type":"post","link":"https:\/\/storytelling.concordia.ca\/fr\/theatre-de-la-flamme\/","title":{"rendered":"Th\u00e9\u00e2tre de la flamme"},"content":{"rendered":"\n<style type=\"text\/css\" data-created_by=\"avia_inline_auto\" id=\"style-css-av-mtlwn1ag-f85052114f51e7e6dbb1f5bc3b3bdb77\">\n#top .av_textblock_section.av-mtlwn1ag-f85052114f51e7e6dbb1f5bc3b3bdb77 .avia_textblock{\nfont-size:40px;\n}\n<\/style>\n<section  class='av_textblock_section av-mtlwn1ag-f85052114f51e7e6dbb1f5bc3b3bdb77 '   itemscope=\"itemscope\" itemtype=\"https:\/\/schema.org\/BlogPosting\" itemprop=\"blogPost\" ><div class='avia_textblock member_tagline'  itemprop=\"text\" ><p>Organisation communautaire<\/p>\n<\/div><\/section>\n\n<style type=\"text\/css\" data-created_by=\"avia_inline_auto\" id=\"style-css-av-z94670-53fabdff64e5981bc80829efee28750f\">\n.flex_column.av-z94670-53fabdff64e5981bc80829efee28750f{\nborder-radius:0px 0px 0px 0px;\npadding:0px 0px 0px 0px;\n}\n<\/style>\n<div  class='flex_column av-z94670-53fabdff64e5981bc80829efee28750f av_three_fifth  avia-builder-el-1  el_after_av_textblock  el_before_av_one_full  first flex_column_div av-zero-column-padding  column-top-margin'     ><style type=\"text\/css\" data-created_by=\"avia_inline_auto\" id=\"style-css-av-mtlwn854-04e421da2e551d81af2f977bb14c05bc\">\n.avia-image-container.av-mtlwn854-04e421da2e551d81af2f977bb14c05bc img.avia_image{\nbox-shadow:none;\n}\n.avia-image-container.av-mtlwn854-04e421da2e551d81af2f977bb14c05bc .av-image-caption-overlay-center{\ncolor:#ffffff;\n}\n<\/style>\n<div  class='avia-image-container av-mtlwn854-04e421da2e551d81af2f977bb14c05bc av-styling- avia-align-center  avia-builder-el-2  avia-builder-el-no-sibling '   itemprop=\"image\" itemscope=\"itemscope\" itemtype=\"https:\/\/schema.org\/ImageObject\" ><div class=\"avia-image-container-inner\"><div class=\"avia-image-overlay-wrap\"><img decoding=\"async\" class='wp-image-27357 avia-img-lazy-loading-not-27357 avia_image ' src=\"https:\/\/storytelling.concordia.ca\/wp-content\/uploads\/2026\/09\/18a33617-6de8-46b5-94ae-d01ba8891bb5.png\" alt='' title='18a33617-6de8-46b5-94ae-d01ba8891bb5'  height=\"239\" width=\"268\"  itemprop=\"thumbnailUrl\"  \/><\/div><\/div><\/div><\/div>\n\n<style type=\"text\/css\" data-created_by=\"avia_inline_auto\" id=\"style-css-av-37c8zg-6fa8d5fcb9d3847c223f7fa4ee73d1a2\">\n.flex_column.av-37c8zg-6fa8d5fcb9d3847c223f7fa4ee73d1a2{\nborder-radius:0px 0px 0px 0px;\npadding:0px 0px 0px 0px;\n}\n<\/style>\n<div  class='flex_column av-37c8zg-6fa8d5fcb9d3847c223f7fa4ee73d1a2 av_one_full  avia-builder-el-3  el_after_av_three_fifth  avia-builder-el-last  first flex_column_div av-zero-column-padding  '     ><section  class='av_textblock_section av-mtlwo7mh-8e242a77f4e7c1b95c61750d6efeb0a1 '   itemscope=\"itemscope\" itemtype=\"https:\/\/schema.org\/BlogPosting\" itemprop=\"blogPost\" ><div class='avia_textblock'  itemprop=\"text\" ><p class=\"p1\">Th\u00e9\u00e2tre de la flamme est un organisme \u00e0 but non lucratif ayant pour mission la cr\u00e9ation et production de th\u00e9\u00e2tre pour jeunes publics (enfants et ados). Sa premi\u00e8re cr\u00e9ation, La floraison des souvenirs, a \u00e9t\u00e9 pr\u00e9sent\u00e9 \u00e0 la Maison Th\u00e9\u00e2tre, \u00e0 l&rsquo;Illusion Th\u00e9\u00e2tre et aussi dans le cadre du CAM en tourn\u00e9e. La compagnie a \u00e9t\u00e9 co-fond\u00e9e par Carolina Chmielewski et Cleo da Fonseca, deux artistes d&rsquo;origine br\u00e9silienne qui habitent et travaillent \u00e0 Montr\u00e9al. La mission du Th\u00e9\u00e2tre de la flamme repose sur une question : comment donner voix aux probl\u00e9matiques v\u00e9cues par les enfants d\u2019aujourd\u2019hui? Le Th\u00e9\u00e2tre de la flamme cherche \u00e0 dialoguer avec les enfants \u00e0 travers un langage sc\u00e9nique aussi bienveillant que complexe, en pla\u00e7ant l\u2019enfant au centre et au c\u0153ur de l\u2019histoire.<\/p>\n<\/div><\/section><\/div>\n","protected":false},"excerpt":{"rendered":"","protected":false},"author":2,"featured_media":27357,"comment_status":"closed","ping_status":"open","sticky":false,"template":"","format":"standard","meta":{"footnotes":""},"categories":[86,21],"tags":[],"class_list":["post-27356","post","type-post","status-publish","format-standard","has-post-thumbnail","hentry","category-affilie-e-s-communautaires","category-communaute"],"_links":{"self":[{"href":"https:\/\/storytelling.concordia.ca\/fr\/wp-json\/wp\/v2\/posts\/27356","targetHints":{"allow":["GET"]}}],"collection":[{"href":"https:\/\/storytelling.concordia.ca\/fr\/wp-json\/wp\/v2\/posts"}],"about":[{"href":"https:\/\/storytelling.concordia.ca\/fr\/wp-json\/wp\/v2\/types\/post"}],"author":[{"embeddable":true,"href":"https:\/\/storytelling.concordia.ca\/fr\/wp-json\/wp\/v2\/users\/2"}],"replies":[{"embeddable":true,"href":"https:\/\/storytelling.concordia.ca\/fr\/wp-json\/wp\/v2\/comments?post=27356"}],"version-history":[{"count":3,"href":"https:\/\/storytelling.concordia.ca\/fr\/wp-json\/wp\/v2\/posts\/27356\/revisions"}],"predecessor-version":[{"id":27365,"href":"https:\/\/storytelling.concordia.ca\/fr\/wp-json\/wp\/v2\/posts\/27356\/revisions\/27365"}],"wp:featuredmedia":[{"embeddable":true,"href":"https:\/\/storytelling.concordia.ca\/fr\/wp-json\/wp\/v2\/media\/27357"}],"wp:attachment":[{"href":"https:\/\/storytelling.concordia.ca\/fr\/wp-json\/wp\/v2\/media?parent=27356"}],"wp:term":[{"taxonomy":"category","embeddable":true,"href":"https:\/\/storytelling.concordia.ca\/fr\/wp-json\/wp\/v2\/categories?post=27356"},{"taxonomy":"post_tag","embeddable":true,"href":"https:\/\/storytelling.concordia.ca\/fr\/wp-json\/wp\/v2\/tags?post=27356"}],"curies":[{"name":"wp","href":"https:\/\/api.w.org\/{rel}","templated":true}]}}