{"id":15303,"date":"2022-12-01T15:30:06","date_gmt":"2022-12-01T20:30:06","guid":{"rendered":"https:\/\/storytelling.concordia.ca\/?p=15303"},"modified":"2023-01-16T12:28:42","modified_gmt":"2023-01-16T17:28:42","slug":"appel-de-propositions-dixieme-symposium-des-chercheur%c2%b7se%c2%b7s-emergent%c2%b7e%c2%b7s-en-histoire-orale-en-recits-numerises-et-en-pratique-creative","status":"publish","type":"post","link":"https:\/\/storytelling.concordia.ca\/fr\/appel-de-propositions-dixieme-symposium-des-chercheur%c2%b7se%c2%b7s-emergent%c2%b7e%c2%b7s-en-histoire-orale-en-recits-numerises-et-en-pratique-creative\/","title":{"rendered":"Appel \u00e0 propositions : Dixi\u00e8me Symposium des chercheur\u00b7se\u00b7s \u00e9mergent\u00b7e\u00b7s en histoire orale, en r\u00e9cits num\u00e9ris\u00e9s et en pratique cr\u00e9ative"},"content":{"rendered":"\n<style type=\"text\/css\" data-created_by=\"avia_inline_auto\" id=\"style-css-av-lbf9uus8-01f31f5b08da793549d7d6da1aa76499\">\n.avia-image-container.av-lbf9uus8-01f31f5b08da793549d7d6da1aa76499 img.avia_image{\nbox-shadow:none;\n}\n.avia-image-container.av-lbf9uus8-01f31f5b08da793549d7d6da1aa76499 .av-image-caption-overlay-center{\ncolor:#ffffff;\n}\n<\/style>\n<div  class='avia-image-container av-lbf9uus8-01f31f5b08da793549d7d6da1aa76499 av-styling- avia-align-center  avia-builder-el-0  el_before_av_one_fourth  avia-builder-el-first '   itemprop=\"image\" itemscope=\"itemscope\" itemtype=\"https:\/\/schema.org\/ImageObject\" ><div class=\"avia-image-container-inner\"><div class=\"avia-image-overlay-wrap\"><img decoding=\"async\" class='wp-image-15280 avia-img-lazy-loading-not-15280 avia_image ' src=\"https:\/\/storytelling.concordia.ca\/wp-content\/uploads\/2022\/12\/DSC_6486_re\u0301duit_bonne-845x684.jpg\" alt='' title='DSC_6486_re\u0301duit_bonne'  height=\"684\" width=\"845\"  itemprop=\"thumbnailUrl\" srcset=\"https:\/\/storytelling.concordia.ca\/wp-content\/uploads\/2022\/12\/DSC_6486_re\u0301duit_bonne-845x684.jpg 845w, https:\/\/storytelling.concordia.ca\/wp-content\/uploads\/2022\/12\/DSC_6486_re\u0301duit_bonne-495x400.jpg 495w\" sizes=\"(max-width: 845px) 100vw, 845px\" \/><\/div><\/div><\/div>\n\n<style type=\"text\/css\" data-created_by=\"avia_inline_auto\" id=\"style-css-av-1elxl-b72babf4858e5795568ec5dbf4e0127c\">\n.flex_column.av-1elxl-b72babf4858e5795568ec5dbf4e0127c{\nborder-radius:0px 0px 0px 0px;\npadding:0px 0px 0px 0px;\n}\n<\/style>\n<div  class='flex_column av-1elxl-b72babf4858e5795568ec5dbf4e0127c av_one_fourth  avia-builder-el-1  el_after_av_image  el_before_av_three_fourth  first flex_column_div av-zero-column-padding  '     ><\/div>\n\n<style type=\"text\/css\" data-created_by=\"avia_inline_auto\" id=\"style-css-av-1elxl-a8c501240a5b25f22485ac3905a1b946\">\n.flex_column.av-1elxl-a8c501240a5b25f22485ac3905a1b946{\nborder-radius:0px 0px 0px 0px;\npadding:0px 0px 0px 0px;\n}\n<\/style>\n<div  class='flex_column av-1elxl-a8c501240a5b25f22485ac3905a1b946 av_three_fourth  avia-builder-el-2  el_after_av_one_fourth  avia-builder-el-last  flex_column_div av-zero-column-padding  '     ><section  class='av_textblock_section av-kbihb0gk-f43da00709cf267a660d138e3ca5da1e '   itemscope=\"itemscope\" itemtype=\"https:\/\/schema.org\/BlogPosting\" itemprop=\"blogPost\" ><div class='avia_textblock'  itemprop=\"text\" ><h3><\/h3>\n<h3><\/h3>\n<h3>Th\u00e8me : Partage des histoires et m\u00e9moire interg\u00e9n\u00e9rationnelle<\/h3>\n<h3>Date: 23 et 24 Mars, 2023<\/h3>\n<p>*La date limite d&rsquo;appel \u00e0 propositions report\u00e9e au 22 Janvier 2023*<\/p>\n<p><span style=\"font-weight: 400;\">Le Centre d&rsquo;histoire orale et de r\u00e9cits num\u00e9ris\u00e9s de l&rsquo;Universit\u00e9 Concordia invite les \u00e9tudiant\u00b7e\u00b7s aux cycles sup\u00e9rieurs et les dipl\u00f4m\u00e9\u00b7e\u00b7s r\u00e9cent\u00b7e\u00b7s \u00e0 soumettre des propositions de communication et de projets de recherche-cr\u00e9ation en vue du Dixi\u00e8me Symposium des chercheur\u00b7se\u00b7s \u00e9mergent\u00b7e\u00b7s en histoire orale, en r\u00e9cits num\u00e9ris\u00e9s et en pratique cr\u00e9ative. Cet \u00e9v\u00e9nement hybride se d\u00e9roulant sur deux jours offre aux chercheur\u00b7se\u00b7s \u00e9mergent\u00b7e\u00b7s l&rsquo;occasion de pr\u00e9senter leurs travaux, et ce, peu importe l\u2019\u00e9tape de d\u00e9veloppement, d&rsquo;\u00e9changer des id\u00e9es et d\u2019entrer en communication avec d&rsquo;autres personnes travaillant aussi en recherche et en cr\u00e9ation.<\/span><span style=\"font-weight: 400;\">\u00a0<\/span><\/p>\n<p><span style=\"font-weight: 400;\">Le th\u00e8me principal du symposium de cette ann\u00e9e est le partage des histoires et la m\u00e9moire interg\u00e9n\u00e9rationnelle. Si l\u2019\u00e9mergence de l&rsquo;histoire orale en tant que champ d&rsquo;\u00e9tude provient de lign\u00e9es diverses, ses origines sont souvent associ\u00e9es \u00e0 son d\u00e9veloppement en tant que m\u00e9thode de recherche universitaire au milieu du XXe si\u00e8cle aux \u00c9tats-Unis. Cependant, la narration et les traditions orales comme modes de transmission de connaissances existent depuis des mill\u00e9naires sous d\u2019autres formes telles que les po\u00e8mes, les chansons, les l\u00e9gendes et les le\u00e7ons. Reconnaissant que les histoires orales de diverses communaut\u00e9s peuvent servir de <\/span><i><span style=\"font-weight: 400;\">contre-histoire<\/span><\/i><span style=\"font-weight: 400;\"> aux repr\u00e9sentations dominantes historiques d&rsquo;un \u00e9v\u00e9nement, il demeure aussi pertinent de consid\u00e9rer les contextes sociaux et interg\u00e9n\u00e9rationnels plus vastes dans lesquels les histoires sont racont\u00e9es. L\u2019acte de partage d\u2019histoires est autant un processus social qu&rsquo;un processus historique. <\/span><i><span style=\"font-weight: 400;\">Qui<\/span><\/i><span style=\"font-weight: 400;\"> partage une histoire est tout aussi important que son sujet, la personne qui la re\u00e7oit, et l\u2019endroit de l\u2019\u00e9coute. Le comit\u00e9 d&rsquo;organisation du symposium invite les chercheur\u00b7se\u00b7s \u00e9mergent\u00b7e\u00b7s \u00e0 r\u00e9fl\u00e9chir aux pratiques de narration et aux contextes dans lesquels la transmission de la m\u00e9moire interg\u00e9n\u00e9rationnelle a lieu, ainsi qu\u2019\u00e0 la conception plus g\u00e9n\u00e9rale de ce qui constitue l\u2019histoire et ce qui en est, par le fait m\u00eame, exclu. Nous vous encourageons \u00e0 partager vos recherches tout en r\u00e9fl\u00e9chissant aux diverses approches qui existent envers les r\u00e9cits oraux, aux enjeux de distinction entre l&rsquo;histoire orale et la tradition orale, ainsi qu&rsquo;aux nombreuses diff\u00e9rences et similitudes entre celles-ci.<\/span><\/p>\n<p><span style=\"font-weight: 400;\">Nous attendons avec impatience les propositions qui r\u00e9agissent aux th\u00e8mes de la conf\u00e9rence de mani\u00e8re cr\u00e9ative et celles qui les poussent dans des directions inattendues. Bien que votre proposition puisse pr\u00e9senter un travail finalis\u00e9, nous encourageons aussi fortement les propositions de travaux en cours de r\u00e9alisation.<\/span><\/p>\n<p><span style=\"font-weight: 400;\">Les chercheur\u00b7se\u00b7s \u00e9mergent\u00b7e\u00b7s sont invit\u00e9\u00b7e\u00b7s \u00e0 soumettre des propositions sur les th\u00e8mes suivants :<\/span><\/p>\n<ul>\n<li><span style=\"font-weight: 400;\">Approches narratives li\u00e9es \u00e0 l\u2019histoire orale et la tradition orale<\/span><\/li>\n<li><span style=\"font-weight: 400;\">Histoires de migration, mouvement et m\u00e9moire interg\u00e9n\u00e9rationnelle<\/span><\/li>\n<li><span style=\"font-weight: 400;\">M\u00e9moire, lieux et cartographie<\/span><\/li>\n<li><span style=\"font-weight: 400;\">L\u2019histoire familiale orale et l\u2019\u00e9thique en lien avec les entrevues intrafamiliales\u00a0<\/span><\/li>\n<li><span style=\"font-weight: 400;\">Oralit\u00e9, voix et parole ; \u201c<\/span><i><span style=\"font-weight: 400;\">Comment<\/span><\/i><span style=\"font-weight: 400;\"> les histoires sont racont\u00e9es\u201d<\/span><\/li>\n<li><span style=\"font-weight: 400;\">L\u2019interpr\u00e9tation et la repr\u00e9sentation des histoires<\/span><\/li>\n<li><span style=\"font-weight: 400;\">Histoires communautaires et formes collectives de m\u00e9moire<\/span><\/li>\n<li><span style=\"font-weight: 400;\">Raconter des histoires difficiles<\/span><\/li>\n<li><span style=\"font-weight: 400;\">L\u2019histoire orale et la tradition orale en pratique \u00e0 travers diff\u00e9rents m\u00e9diums\u00a0<\/span><\/li>\n<\/ul>\n<p><span style=\"font-weight: 400;\">Ce symposium est une rencontre interdisciplinaire o\u00f9 sont accueillies les propositions de chercheur\u00b7se\u00b7s \u00e9mergent\u00b7e\u00b7s en histoire orale, en r\u00e9cits num\u00e9ris\u00e9s et en pratique cr\u00e9ative. Les chercheur\u00b7se\u00b7s dans des domaines connexes, y compris les \u00e9tudes mus\u00e9ales, l&rsquo;\u00e9ducation, la cin\u00e9matographie documentaire, les \u00e9tudes sur la m\u00e9moire, la litt\u00e9rature et la cr\u00e9ation litt\u00e9raire, les nouveaux arts m\u00e9diatiques, la g\u00e9ographie, la sociologie, l&rsquo;anthropologie, etc. sont encourag\u00e9\u00b7e\u00b7s \u00e0 soumettre des propositions.<\/span><\/p>\n<p><b>Processus de soumission<\/b><\/p>\n<p><span style=\"font-weight: 400;\">Les participant\u00b7e\u00b7s peuvent pr\u00e9senter leur travail sous diverses formes, y compris des projets de recherche-cr\u00e9ation et des pr\u00e9sentations d\u2019articles. Afin de pouvoir pr\u00e9senter un large \u00e9ventail de projets, la dur\u00e9e des pr\u00e9sentations sera <\/span><b>limit\u00e9e \u00e0 quinze minutes<\/b><span style=\"font-weight: 400;\">, suivies d&rsquo;une p\u00e9riode de discussion et de questions. Nous encourageons particuli\u00e8rement les formes d&rsquo;expression cr\u00e9atives comme la po\u00e9sie, la fiction, les soumissions audio-vid\u00e9o, ou les \u0153uvres d&rsquo;art. Bien que nous demandions que les propositions et les pr\u00e9sentations soient faites en fran\u00e7ais ou en anglais, les projets cr\u00e9atifs et les performances peuvent \u00eatre r\u00e9alis\u00e9s dans la langue de votre choix. Le symposium de cette ann\u00e9e sera hybride avec des pr\u00e9sentations en personne et en ligne.<\/span><\/p>\n<p><span style=\"font-weight: 400;\">Pour soumettre une proposition, veuillez nous faire parvenir un courriel en prenant soin d\u2019indiquer en ligne d\u2019objet \u201cProposition pour le Symposium des chercheur\u00b7se\u00b7s \u00e9mergent\u00b7e\u00b7s 2023\u201d \u00e0 l\u2019adresse: <a href=\"mailto:cohds.chorn.symposium@gmail.com\">cohds.chorn.symposium@gmail.com<\/a>.<\/span><\/p>\n<p><span style=\"font-weight: 400;\">Veuillez joindre au m\u00eame courriel les documents suivants :<\/span><\/p>\n<ul>\n<li><span style=\"font-weight: 400;\">Un r\u00e9sum\u00e9 de votre recherche ou projet avec un court \u00e9nonc\u00e9 expliquant en quoi celui-ci s\u2019arrime au th\u00e8me du symposium (300 mots), et jusqu\u2019\u00e0 5 mots-cl\u00e9s<\/span><\/li>\n<li><span style=\"font-weight: 400;\">Votre curriculum vitae (maximum 2 pages)<\/span><\/li>\n<li><span style=\"font-weight: 400;\">Une br\u00e8ve notice biographique (70 mots)<\/span><\/li>\n<li><span style=\"font-weight: 400;\">Les sp\u00e9cifications techniques concernant votre projet: veuillez nous indiquer si vous ferez une pr\u00e9sentation en personne ou en ligne, et si celle-ci n\u00e9cessite des \u00e9l\u00e9ments audio ou vid\u00e9o.<\/span><\/li>\n<\/ul>\n<p><span style=\"font-weight: 400;\">Puisque le symposium de cette ann\u00e9e se d\u00e9roulera de mani\u00e8re hybride, nous vous invitons \u00e0 envisager des approches innovantes pour vos pr\u00e9sentations tout en r\u00e9fl\u00e9chissant au public qui sera \u00e0 la fois en personne et en ligne. Si vous avez des id\u00e9es cr\u00e9atives pour une conf\u00e9rence qui vont au-del\u00e0 d&rsquo;une discussion ou d&rsquo;une pr\u00e9sentation de style webinaire &#8211; en particulier celles qui encouragent l&rsquo;interaction avec le public et la participation active &#8211; nous vous invitons \u00e0 les soumettre!<\/span><\/p>\n<p><span style=\"font-weight: 400;\">Nous comprenons \u00e0 quel point le processus de soumission peut \u00eatre stressant, surtout pour la premi\u00e8re fois. Nous sommes l\u00e0 pour vous aider! Si vous avez des questions, n\u2019h\u00e9sitez pas \u00e0 nous \u00e9crire au <a href=\"mailto:cohds.chorn.symposium@gmail.com\">cohds.chorn.symposium@gmail.com<\/a>.<\/span><\/p>\n<p><b>La date limite de soumission des propositions est le 22 janvier 2023.<\/b><\/p>\n<p><a href=\"https:\/\/storytelling.concordia.ca\/wp-content\/uploads\/2022\/12\/ESS_APPEL-A\u0300-PROPOSITIONS_2023_FR.pdf\">ESS_APPEL A\u0300 PROPOSITIONS_2023_FR<\/a><\/p>\n<\/div><\/section><\/div>\n","protected":false},"excerpt":{"rendered":"","protected":false},"author":2,"featured_media":0,"comment_status":"closed","ping_status":"open","sticky":false,"template":"","format":"standard","meta":{"footnotes":""},"categories":[14,91],"tags":[],"class_list":["post-15303","post","type-post","status-publish","format-standard","hentry","category-non-classifiee","category-nouvelles"],"_links":{"self":[{"href":"https:\/\/storytelling.concordia.ca\/fr\/wp-json\/wp\/v2\/posts\/15303","targetHints":{"allow":["GET"]}}],"collection":[{"href":"https:\/\/storytelling.concordia.ca\/fr\/wp-json\/wp\/v2\/posts"}],"about":[{"href":"https:\/\/storytelling.concordia.ca\/fr\/wp-json\/wp\/v2\/types\/post"}],"author":[{"embeddable":true,"href":"https:\/\/storytelling.concordia.ca\/fr\/wp-json\/wp\/v2\/users\/2"}],"replies":[{"embeddable":true,"href":"https:\/\/storytelling.concordia.ca\/fr\/wp-json\/wp\/v2\/comments?post=15303"}],"version-history":[{"count":10,"href":"https:\/\/storytelling.concordia.ca\/fr\/wp-json\/wp\/v2\/posts\/15303\/revisions"}],"predecessor-version":[{"id":15762,"href":"https:\/\/storytelling.concordia.ca\/fr\/wp-json\/wp\/v2\/posts\/15303\/revisions\/15762"}],"wp:attachment":[{"href":"https:\/\/storytelling.concordia.ca\/fr\/wp-json\/wp\/v2\/media?parent=15303"}],"wp:term":[{"taxonomy":"category","embeddable":true,"href":"https:\/\/storytelling.concordia.ca\/fr\/wp-json\/wp\/v2\/categories?post=15303"},{"taxonomy":"post_tag","embeddable":true,"href":"https:\/\/storytelling.concordia.ca\/fr\/wp-json\/wp\/v2\/tags?post=15303"}],"curies":[{"name":"wp","href":"https:\/\/api.w.org\/{rel}","templated":true}]}}